{"id":4842,"date":"2025-01-13T16:36:18","date_gmt":"2025-01-13T14:36:18","guid":{"rendered":"https:\/\/www.escolasantlluis.cat\/novaweb\/?p=4842"},"modified":"2025-01-13T16:36:19","modified_gmt":"2025-01-13T14:36:19","slug":"bon-any-families","status":"publish","type":"post","link":"https:\/\/www.escolasantlluis.cat\/novaweb\/2025\/01\/13\/bon-any-families\/","title":{"rendered":"Bon any fam\u00edlies!"},"content":{"rendered":"\n<p>Els nens i nenes de primer han comen\u00e7at el segon trimestre amb la m\u00e0gia del Reis Mags. Esperem que hagin anat b\u00e9 les vacances i les festes de Nadal! Comencem un nou trimestre ple d&#8217;il.lusi\u00f3, amb ganes i&nbsp; amb energies renovades.<\/p>\n\n\n\n<p>SOM-HI!<\/p>\n\n\n\n<figure class=\"wp-block-gallery has-nested-images columns-default is-cropped wp-block-gallery-1 is-layout-flex wp-block-gallery-is-layout-flex\">\n<figure class=\"wp-block-image size-large\"><img fetchpriority=\"high\" decoding=\"async\" width=\"1024\" height=\"768\" data-id=\"4843\" src=\"https:\/\/www.escolasantlluis.cat\/novaweb\/wp-content\/uploads\/2025\/01\/20250108_094515-1024x768.jpg\" alt=\"\" class=\"wp-image-4843\" srcset=\"https:\/\/www.escolasantlluis.cat\/novaweb\/wp-content\/uploads\/2025\/01\/20250108_094515-1024x768.jpg 1024w, https:\/\/www.escolasantlluis.cat\/novaweb\/wp-content\/uploads\/2025\/01\/20250108_094515-300x225.jpg 300w, https:\/\/www.escolasantlluis.cat\/novaweb\/wp-content\/uploads\/2025\/01\/20250108_094515-768x576.jpg 768w, https:\/\/www.escolasantlluis.cat\/novaweb\/wp-content\/uploads\/2025\/01\/20250108_094515-1536x1152.jpg 1536w, https:\/\/www.escolasantlluis.cat\/novaweb\/wp-content\/uploads\/2025\/01\/20250108_094515-2048x1536.jpg 2048w\" sizes=\"(max-width: 1024px) 100vw, 1024px\" \/><\/figure>\n\n\n\n<figure class=\"wp-block-image size-large\"><img decoding=\"async\" width=\"1024\" height=\"768\" data-id=\"4846\" src=\"https:\/\/www.escolasantlluis.cat\/novaweb\/wp-content\/uploads\/2025\/01\/20250108_094541-1024x768.jpg\" alt=\"\" class=\"wp-image-4846\" srcset=\"https:\/\/www.escolasantlluis.cat\/novaweb\/wp-content\/uploads\/2025\/01\/20250108_094541-1024x768.jpg 1024w, https:\/\/www.escolasantlluis.cat\/novaweb\/wp-content\/uploads\/2025\/01\/20250108_094541-300x225.jpg 300w, https:\/\/www.escolasantlluis.cat\/novaweb\/wp-content\/uploads\/2025\/01\/20250108_094541-768x576.jpg 768w, https:\/\/www.escolasantlluis.cat\/novaweb\/wp-content\/uploads\/2025\/01\/20250108_094541-1536x1152.jpg 1536w, https:\/\/www.escolasantlluis.cat\/novaweb\/wp-content\/uploads\/2025\/01\/20250108_094541-2048x1536.jpg 2048w\" sizes=\"(max-width: 1024px) 100vw, 1024px\" \/><\/figure>\n\n\n\n<figure class=\"wp-block-image size-large\"><img decoding=\"async\" width=\"1024\" height=\"768\" data-id=\"4844\" src=\"https:\/\/www.escolasantlluis.cat\/novaweb\/wp-content\/uploads\/2025\/01\/20250108_094914-1024x768.jpg\" alt=\"\" class=\"wp-image-4844\" srcset=\"https:\/\/www.escolasantlluis.cat\/novaweb\/wp-content\/uploads\/2025\/01\/20250108_094914-1024x768.jpg 1024w, https:\/\/www.escolasantlluis.cat\/novaweb\/wp-content\/uploads\/2025\/01\/20250108_094914-300x225.jpg 300w, https:\/\/www.escolasantlluis.cat\/novaweb\/wp-content\/uploads\/2025\/01\/20250108_094914-768x576.jpg 768w, https:\/\/www.escolasantlluis.cat\/novaweb\/wp-content\/uploads\/2025\/01\/20250108_094914-1536x1152.jpg 1536w, https:\/\/www.escolasantlluis.cat\/novaweb\/wp-content\/uploads\/2025\/01\/20250108_094914-2048x1536.jpg 2048w\" sizes=\"(max-width: 1024px) 100vw, 1024px\" \/><\/figure>\n\n\n\n<figure class=\"wp-block-image size-large\"><img loading=\"lazy\" decoding=\"async\" width=\"1024\" height=\"768\" data-id=\"4845\" src=\"https:\/\/www.escolasantlluis.cat\/novaweb\/wp-content\/uploads\/2025\/01\/20250108_095031-1024x768.jpg\" alt=\"\" class=\"wp-image-4845\" srcset=\"https:\/\/www.escolasantlluis.cat\/novaweb\/wp-content\/uploads\/2025\/01\/20250108_095031-1024x768.jpg 1024w, https:\/\/www.escolasantlluis.cat\/novaweb\/wp-content\/uploads\/2025\/01\/20250108_095031-300x225.jpg 300w, https:\/\/www.escolasantlluis.cat\/novaweb\/wp-content\/uploads\/2025\/01\/20250108_095031-768x576.jpg 768w, https:\/\/www.escolasantlluis.cat\/novaweb\/wp-content\/uploads\/2025\/01\/20250108_095031-1536x1152.jpg 1536w, https:\/\/www.escolasantlluis.cat\/novaweb\/wp-content\/uploads\/2025\/01\/20250108_095031-2048x1536.jpg 2048w\" sizes=\"(max-width: 1024px) 100vw, 1024px\" \/><\/figure>\n<\/figure>\n","protected":false},"excerpt":{"rendered":"<p>Els nens i nenes de primer han comen\u00e7at el segon trimestre amb la m\u00e0gia del Reis Mags. Esperem que hagin anat b\u00e9 les vacances i les festes de Nadal! Comencem un nou trimestre ple d&#8217;il.lusi\u00f3, amb ganes i&nbsp; amb energies renovades. SOM-HI!<\/p>\n","protected":false},"author":32,"featured_media":0,"comment_status":"closed","ping_status":"open","sticky":false,"template":"","format":"standard","meta":{"footnotes":""},"categories":[4],"tags":[],"class_list":["post-4842","post","type-post","status-publish","format-standard","hentry","category-cicle-inicial"],"_links":{"self":[{"href":"https:\/\/www.escolasantlluis.cat\/novaweb\/wp-json\/wp\/v2\/posts\/4842","targetHints":{"allow":["GET"]}}],"collection":[{"href":"https:\/\/www.escolasantlluis.cat\/novaweb\/wp-json\/wp\/v2\/posts"}],"about":[{"href":"https:\/\/www.escolasantlluis.cat\/novaweb\/wp-json\/wp\/v2\/types\/post"}],"author":[{"embeddable":true,"href":"https:\/\/www.escolasantlluis.cat\/novaweb\/wp-json\/wp\/v2\/users\/32"}],"replies":[{"embeddable":true,"href":"https:\/\/www.escolasantlluis.cat\/novaweb\/wp-json\/wp\/v2\/comments?post=4842"}],"version-history":[{"count":1,"href":"https:\/\/www.escolasantlluis.cat\/novaweb\/wp-json\/wp\/v2\/posts\/4842\/revisions"}],"predecessor-version":[{"id":4847,"href":"https:\/\/www.escolasantlluis.cat\/novaweb\/wp-json\/wp\/v2\/posts\/4842\/revisions\/4847"}],"wp:attachment":[{"href":"https:\/\/www.escolasantlluis.cat\/novaweb\/wp-json\/wp\/v2\/media?parent=4842"}],"wp:term":[{"taxonomy":"category","embeddable":true,"href":"https:\/\/www.escolasantlluis.cat\/novaweb\/wp-json\/wp\/v2\/categories?post=4842"},{"taxonomy":"post_tag","embeddable":true,"href":"https:\/\/www.escolasantlluis.cat\/novaweb\/wp-json\/wp\/v2\/tags?post=4842"}],"curies":[{"name":"wp","href":"https:\/\/api.w.org\/{rel}","templated":true}]}}